{"id":11582,"date":"2023-09-09T10:08:17","date_gmt":"2023-09-09T08:08:17","guid":{"rendered":"https:\/\/liederkranz-pohl-goens.de\/?p=11582"},"modified":"2023-09-10T10:26:43","modified_gmt":"2023-09-10T08:26:43","slug":"offene-chorprobe-bei-liederkranz","status":"publish","type":"post","link":"https:\/\/liederkranz-pohl-goens.de\/index.php\/2023\/offene-chorprobe-bei-liederkranz\/","title":{"rendered":"Offene Chorprobe beim Liederkranz"},"content":{"rendered":"\r\n<h5>Einladung f\u00fcr 18.00 Uhr im Rahmen der &#8218;Woche der offenen Ch\u00f6re&#8216;<\/h5>\r\n\r\n\r\n\r\n<p>Vom 11. bis 17. September findet bundesweit die \u201aWoche der offenen Ch\u00f6re\u2018 statt. Am Dienstag l\u00e4dt daher auch der Gesangverein Pohl-G\u00f6ns alle Interessierte aus nah und fern ab 18:00 Uhr zur offenen Chorprobe ein.<\/p>\r\n<p><span class=\"Apple-converted-space\">\u00a0<\/span>Die T\u00fcren stehen f\u00fcr neue S\u00e4ngerinnen und S\u00e4nger zu jeder Zeit offen, egal welche Stimmlage und welches Alter. \u201eWir hei\u00dfen Dich herzlich willkommen und auch wenn Du keine Noten lesen kannst oder Chorerfahrung fehlt, komm einfach vorbei und versuche es. Einige unserer Aktiven singen nach Geh\u00f6r\u201c so der Vorstand in seiner Mitteilung.<\/p>\r\n<p>Unser musikalischer Leiter, Martin Winkler, ist seit \u00fcber 40 Jahre als Chorleiter und Gesangsp\u00e4dagoge in der Welt der Chormusik aktiv und versteht es, jede Probe zu einem Erlebnis werden zu lassen. Zus\u00e4tzlich arbeiten wir seit l\u00e4ngerem mit der Stimmbildnerin Annette Jahr zusammen. Das Repertoire ist breit gef\u00e4chert und sowohl von geistlicher, weltlicher als auch moderner Chorliteratur gepr\u00e4gt. Auch besuchen die S\u00e4nger j\u00e4hrlich Wettbewerbe und nehmen an Konzerten teil oder richten selbst welche aus.<span class=\"Apple-converted-space\">\u00a0<\/span><\/p>\r\n<p>Der Liederkranz probt immer dienstags in der Zeit von 18:00 Uhr bis 20:00 Uhr im B\u00fcrgertreff Pohl-G\u00f6ns. <span class=\"Apple-converted-space\">\u00a0 <\/span>Alles rund um den Liederkranz gibt es auch auf der Homepage unter www.liederkranz-pohl-goens.de, Facebook und Instagram.<\/p>\r\n","protected":false},"excerpt":{"rendered":"<p>Einladung f\u00fcr 18.00 Uhr im Rahmen der &#8218;Woche der offenen Ch\u00f6re&#8216; Vom 11. bis 17. September findet bundesweit die \u201aWoche der offenen Ch\u00f6re\u2018 statt. Am Dienstag l\u00e4dt daher auch der Gesangverein Pohl-G\u00f6ns alle Interessierte aus nah und fern ab 18:00 Uhr zur offenen Chorprobe ein. \u00a0Die T\u00fcren stehen f\u00fcr neue<\/p>\n","protected":false},"author":4,"featured_media":11585,"comment_status":"closed","ping_status":"closed","sticky":false,"template":"","format":"standard","meta":{"footnotes":""},"categories":[19],"tags":[],"class_list":["post-11582","post","type-post","status-publish","format-standard","has-post-thumbnail","hentry","category-presse"],"_links":{"self":[{"href":"https:\/\/liederkranz-pohl-goens.de\/index.php\/wp-json\/wp\/v2\/posts\/11582","targetHints":{"allow":["GET"]}}],"collection":[{"href":"https:\/\/liederkranz-pohl-goens.de\/index.php\/wp-json\/wp\/v2\/posts"}],"about":[{"href":"https:\/\/liederkranz-pohl-goens.de\/index.php\/wp-json\/wp\/v2\/types\/post"}],"author":[{"embeddable":true,"href":"https:\/\/liederkranz-pohl-goens.de\/index.php\/wp-json\/wp\/v2\/users\/4"}],"replies":[{"embeddable":true,"href":"https:\/\/liederkranz-pohl-goens.de\/index.php\/wp-json\/wp\/v2\/comments?post=11582"}],"version-history":[{"count":3,"href":"https:\/\/liederkranz-pohl-goens.de\/index.php\/wp-json\/wp\/v2\/posts\/11582\/revisions"}],"predecessor-version":[{"id":11586,"href":"https:\/\/liederkranz-pohl-goens.de\/index.php\/wp-json\/wp\/v2\/posts\/11582\/revisions\/11586"}],"wp:featuredmedia":[{"embeddable":true,"href":"https:\/\/liederkranz-pohl-goens.de\/index.php\/wp-json\/wp\/v2\/media\/11585"}],"wp:attachment":[{"href":"https:\/\/liederkranz-pohl-goens.de\/index.php\/wp-json\/wp\/v2\/media?parent=11582"}],"wp:term":[{"taxonomy":"category","embeddable":true,"href":"https:\/\/liederkranz-pohl-goens.de\/index.php\/wp-json\/wp\/v2\/categories?post=11582"},{"taxonomy":"post_tag","embeddable":true,"href":"https:\/\/liederkranz-pohl-goens.de\/index.php\/wp-json\/wp\/v2\/tags?post=11582"}],"curies":[{"name":"wp","href":"https:\/\/api.w.org\/{rel}","templated":true}]}}