{"id":8392,"date":"2021-08-04T14:15:24","date_gmt":"2021-08-04T12:15:24","guid":{"rendered":"https:\/\/liederkranz-pohl-goens.de\/?p=8392"},"modified":"2021-08-07T13:40:01","modified_gmt":"2021-08-07T11:40:01","slug":"fundsache-aus-der-wetterauer-zeitung-vom-03-04-2013","status":"publish","type":"post","link":"https:\/\/liederkranz-pohl-goens.de\/index.php\/2021\/fundsache-aus-der-wetterauer-zeitung-vom-03-04-2013\/","title":{"rendered":"Fundsache aus der Wetterauer Zeitung vom 03.04.2013"},"content":{"rendered":"\n<h2 class=\"id-Article-headline wp-block-heading\">\u00bbDas Fernsehen war schuld\u00ab<\/h2>\n\n\n\n<p><strong>Butzbach\u2013Pohl-G\u00f6ns (akm). Die Mitglieder des Gesangvereins Liederkranz hatten bei ihrer Jahreshauptversammlung Grund zur Freude: Der gemischte Chor feiert in diesem Jahr sein 50-j\u00e4hriges Bestehen.<\/strong><\/p>\n\n\n\n<p>Traurig zeigten sich die Mitglieder indes \u00fcber die Entscheidung von Elke Binzer. Die langj\u00e4hrige Vorsitzende stand nicht mehr zur Wahl, ihr Nachfolger ist Andreas Catlin.<\/p>\n\n\n\n<p>\u00bbSie hat den Vorstand gepr\u00e4gt\u00ab, sagte Ehrenvorsitzender Helmut Volk \u00fcber Elke Binzer, die 17 Jahre lang an der Spitze des Gesangvereins gestanden hatte. Volk erinnerte daran, dass Binzer seit 44 Jahren Vereinsmitglied sei und seit 23 Jahren im Vorstand mitgearbeitet habe.<\/p>\n\n\n\n<p>Andreas Catlin, zuvor Vize-Vorsitzender, r\u00fcckte auf. Zu seiner Stellvertreterin bestimmten die Mitglieder Sabine Fuchs, die bislang als Schriftf\u00fchrerin t\u00e4tig war. Kassenwart Frank Winkler wurde im Amt best\u00e4tigt, gleiches galt f\u00fcr die Beisitzer J\u00fcrgen Wolski und Karl Heinz Euler. Rita Euler, zuvor Beisitzerin, \u00fcbernimmt das Amt der Schriftf\u00fchrerin, zum neuen Beisitzer wurde Lukas Brandenburg gew\u00e4hlt. Kassenpr\u00fcfer sind Norbert Bopf und Claudia Steuernagel.<\/p>\n\n\n\n<p>Andreas Catlin verabschiedete seine Vorg\u00e4ngerin. Dank ihrer Motivation seien die S\u00e4nger zu einem namenhaften Chor zusammengewachsen. Als Festpr\u00e4sidentin habe sie 2009 zum 130-j\u00e4hrigen Bestehen des Vereins ein Konzert mit Spitzench\u00f6ren auf die Beine gestellt. Catlin bedankte sich bei Binzer, der von den S\u00e4ngern zum Abschied ein Geschenk \u00fcberreicht wurde.<\/p>\n\n\n\n<p>Elke Binzer bedankte sich bei S\u00e4ngern und Vorstandsmitgliedern f\u00fcr deren Unterst\u00fctzung.<\/p>\n\n\n\n<p>Helmut Volk ehrte langj\u00e4hrige Aktive: Ewald Morkel ist seit 60 Jahren Chors\u00e4nger. Hannelore G\u00fcnther, Liesel Morkel, Irmgard Schepp, Marianne und Waldtraud Z\u00f6rb wurden als Gr\u00fcndungsmitglieder des gemischten Chors geehrt. Volk sagte, die damalige Entscheidung des Vorstands, Frauen mitsingen zu lassen, sei gut gewesen. \u00bbDa hatte das Ende des M\u00e4nnergesangvereins begonnen und dem Fernsehen gab man die Schuld\u00ab, erinnerte sich Volk.<\/p>\n\n\n\n<p>Das 50-j\u00e4hrige Jubil\u00e4um des gemischten Chors wird in diesem Jahr am letzten Wochenende im Juni mit einem Gottesdienst, einem Konzert und einer szenischer Darstellung gefeiert. Derzeit sind 59 S\u00e4nger im Verein aktiv. (Foto: Kammer)<\/p>\n","protected":false},"excerpt":{"rendered":"<p>\u00bbDas Fernsehen war schuld\u00ab Butzbach\u2013Pohl-G\u00f6ns (akm). Die Mitglieder des Gesangvereins Liederkranz hatten bei ihrer Jahreshauptversammlung Grund zur Freude: Der gemischte Chor feiert in diesem Jahr sein 50-j\u00e4hriges Bestehen. Traurig zeigten sich die Mitglieder indes \u00fcber die Entscheidung von Elke Binzer. Die langj\u00e4hrige Vorsitzende stand nicht mehr zur Wahl, ihr Nachfolger<\/p>\n","protected":false},"author":4,"featured_media":8398,"comment_status":"closed","ping_status":"closed","sticky":false,"template":"","format":"standard","meta":{"footnotes":""},"categories":[19],"tags":[],"class_list":["post-8392","post","type-post","status-publish","format-standard","has-post-thumbnail","hentry","category-presse"],"_links":{"self":[{"href":"https:\/\/liederkranz-pohl-goens.de\/index.php\/wp-json\/wp\/v2\/posts\/8392","targetHints":{"allow":["GET"]}}],"collection":[{"href":"https:\/\/liederkranz-pohl-goens.de\/index.php\/wp-json\/wp\/v2\/posts"}],"about":[{"href":"https:\/\/liederkranz-pohl-goens.de\/index.php\/wp-json\/wp\/v2\/types\/post"}],"author":[{"embeddable":true,"href":"https:\/\/liederkranz-pohl-goens.de\/index.php\/wp-json\/wp\/v2\/users\/4"}],"replies":[{"embeddable":true,"href":"https:\/\/liederkranz-pohl-goens.de\/index.php\/wp-json\/wp\/v2\/comments?post=8392"}],"version-history":[{"count":2,"href":"https:\/\/liederkranz-pohl-goens.de\/index.php\/wp-json\/wp\/v2\/posts\/8392\/revisions"}],"predecessor-version":[{"id":8396,"href":"https:\/\/liederkranz-pohl-goens.de\/index.php\/wp-json\/wp\/v2\/posts\/8392\/revisions\/8396"}],"wp:featuredmedia":[{"embeddable":true,"href":"https:\/\/liederkranz-pohl-goens.de\/index.php\/wp-json\/wp\/v2\/media\/8398"}],"wp:attachment":[{"href":"https:\/\/liederkranz-pohl-goens.de\/index.php\/wp-json\/wp\/v2\/media?parent=8392"}],"wp:term":[{"taxonomy":"category","embeddable":true,"href":"https:\/\/liederkranz-pohl-goens.de\/index.php\/wp-json\/wp\/v2\/categories?post=8392"},{"taxonomy":"post_tag","embeddable":true,"href":"https:\/\/liederkranz-pohl-goens.de\/index.php\/wp-json\/wp\/v2\/tags?post=8392"}],"curies":[{"name":"wp","href":"https:\/\/api.w.org\/{rel}","templated":true}]}}