{"id":8517,"date":"2021-08-14T08:39:28","date_gmt":"2021-08-14T06:39:28","guid":{"rendered":"https:\/\/liederkranz-pohl-goens.de\/?p=8517"},"modified":"2021-11-28T19:09:01","modified_gmt":"2021-11-28T18:09:01","slug":"der-liederkranz-pohl-goens-blickte-auf-ein-jahr-in-der-pandemie-zurueck-bz-14-08-2021","status":"publish","type":"post","link":"https:\/\/liederkranz-pohl-goens.de\/index.php\/2021\/der-liederkranz-pohl-goens-blickte-auf-ein-jahr-in-der-pandemie-zurueck-bz-14-08-2021\/","title":{"rendered":"Der \u201eLiederkranz\u201c Pohl G\u00f6ns blickte auf ein Jahr in der Pandemie zur\u00fcck (BZ 2021.08.14)"},"content":{"rendered":"\n<p><strong>Pohl-G\u00f6ns (PA).<\/strong> Die Jahreshauptversammlung des Gesangvereins \u201eLiederkranz\u201c 1879 Pohl-G\u00f6ns e.V.&nbsp; fand aufgrund der anhaltenden Covid 19 \u2013 Pandemie  im B\u00fcrgertreff Pohl-G\u00f6ns unter strengen Hygieneregelungen statt.<\/p>\n\n\n\n<p>Der 1. Vorsitzende Andreas Catlin lie\u00df in seinem T\u00e4tigkeitsbericht das vergangene Jahr Revue passieren. Catlin erinnerte an die dritte Probe, zu der die Elterninitiative Marburg e.V. (Elterninitiative f\u00fcr leuk\u00e4mie- und tumorkranke Kinder) eingeladen wurde. Hier wollte man die im Rahmen des Jubil\u00e4ums in 2019 gesammelten Spenden \u00fcberreichen. Man verzichtete auf Gastgeschenke der befreundeten Ch\u00f6re und stellte eine Spendenbox auf. Auch die Kollekte des Festgottesdienstes wurde der Sammlung zugef\u00fchrt. Und so konnte im Rahmen der Probe durch Aufrundung aus der Vereinskasse ein Scheck \u00fcber 1.000 Euro der Elterninitiative \u00fcberreicht werden. Am 10. M\u00e4rz fand das traditionelle Heringsessen der Liederkranzfamilie statt, die vorerst letzte Veranstaltung.<\/p>\n\n\n\n<p>Aufgrund der Pandemie und der weitreichenden Einschr\u00e4nkungen des \u00f6ffentlichen Lebens mussten auch s\u00e4mtliche Vereinstermine abgesagt werden. <\/p>\n\n\n\n<p>Im Vorstand suchte man nach L\u00f6sungen, um zum Chor Kontakt zu halten und eine Wiederaufnahme des Probenbetriebes zu erm\u00f6glichen. So wurden den S\u00e4ngerinnen und S\u00e4ngern ein Osterpr\u00e4sent \u00fcberreicht und \u00dcbungs-Cds erstellt.&nbsp;<\/p>\n\n\n\n<p>Den Sommer \u00fcber war es dann m\u00f6glich, auf freiwilliger Basis und unter Einhaltung der Hygienevorschriften den Probenbetrieb in der Maschinenhalle von Irmgard und Walter Schepp aufzunehmen. Ebenso fanden Proben in der TSV Sporthalle in Ebersg\u00f6ns statt. Mit ebenfalls fast halbj\u00e4hrlicher Verz\u00f6gerung fand im August die Jahreshauptversammlung unter freiem Himmel statt.<\/p>\n\n\n\n<p>Die steigenden Zahlen in der Pandemie zwangen den Liederkranz jedoch zum Ende September, die Proben wieder einzustellen.<\/p>\n\n\n\n<p>Wie in jedem Jahr gedachte der Liederkranz im November in einer Andacht zum Totensonntag seiner verstorbenen Mitglieder auf dem Friedhof, das erste Mal ohne Gesangsbeitrag. Die Veranstaltung wurde in einem w\u00fcrdigen Rahmen musikalisch von Martin Z\u00f6rb umrahmt. Zu Weihnachten wurde den S\u00e4ngerinnen und S\u00e4ngern eine Freude bereitet und wieder kleine Pr\u00e4sente verteilt. Sofern es m\u00f6glich war, wurden Vereinsmitgliedern und allen Aktiven zu runden Geburtstagen und Jubil\u00e4en gratuliert.<\/p>\n\n\n\n<p>Catlin  bedankte sich herzlich bei Vorstand und Chorleiter. Es sei nicht immer einfach gewesen, in dieser au\u00dferordentlichen Zeit den Kontakt zu allen zu halten und die Vereinsarbeit auszuf\u00fchren.  \u201eIch bin sehr zufrieden, wie diese schwierige Zeit bisher gemeinsam gemeistert werden konnte\u201c.<\/p>\n\n\n\n<p>Es folgte der Bericht des Kassenwartes Frank Winkler, mit dem Fazit, dass der Verein weiterhin finanziell gut aufgestellt sei. Die Kassenpr\u00fcferin Angela Brandenburger best\u00e4tigte vorbildlich gef\u00fchrte Kassenb\u00fccher. Der Antrag auf Entlastung des Vorstandes wurde einstimmig angenommen.<\/p>\n\n\n\n<p>N\u00e4chster Punkt der Tagesordnung waren die Ehrungen. Vereinsintern wurde Angela Brandenburger f\u00fcr 15 Jahre aktive Mitgliedschaft mit einer Urkunde geehrt.&nbsp;<\/p>\n\n\n\n<p>Vereinsintern und durch den S\u00e4ngerbund wurde  f\u00fcr 25 Jahre f\u00f6rderndes Mitglied und Silberner Ehrennadel Bettina Frey geehrt. Die Ehrennadel in Silber f\u00fcr 40 Jahre f\u00f6rdernde Mitgliedschaft erhielt Bernhard Dern.  <\/p>\n\n\n\n<p>Bei den anstehenden Wahlen einstimmig best\u00e4tigt wurden die 2. und 4. Beisitzerinnen Christine Forbach und Beata Radke.&nbsp;<\/p>\n\n\n\n<p>Der bisherige 2. Vorsitzende Karl-Heinz Euler schied auf eigenen Wunsch aus dem Vorstand aus. Als neuer 2. Vorsitzender wurde der bisherige 3. Beisitzer J\u00fcrgen Wolski einstimmig gew\u00e4hlt. Auch Kassenwart Frank Winkler, der bereits seit 25 Jahren im Vorstand t\u00e4tig ist, wurde einstimmig wiedergew\u00e4hlt. Als 3. Beisitzer wurde Michael Z\u00f6rb  einstimmig  gew\u00e4hlt.&nbsp;<\/p>\n\n\n\n<p>Nachfolgerin der ausscheidenden Kassenpr\u00fcferin Angela Brandenburger wurde Anne Braun. <\/p>\n\n\n\n<p>Es folgten die Ausf\u00fchrungen des Kassenwartes Frank Winkler zu einer Satzungs\u00e4nderung  aufgrund einer Anordnung des Finanzamtes.  <\/p>\n\n\n\n<p>Aus pers\u00f6nlichen Gr\u00fcnden schied Karl-Heinz Euler aus dem Vorstand aus. Seit 2006 war er im Vorstand des Liederkranz aktiv, seit 2015 bekleidete er das Amt des 2. Vorsitzenden. Der 1. Vorsitzende  Catlin dankte ihm im Namen aller herzlich f\u00fcr seine jahrelange Arbeit  mit einem Pr\u00e4sent.<\/p>\n\n\n\n<p>F\u00fcr das laufende Jahr ist am Samstag den 28. August die Teilnahme am Kultursommer der Stadt Butzbach geplant. An diesem Nachmittag pr\u00e4sentiert sich der Ortsteil Pohl-G\u00f6ns ab 17:00 Uhr auf dem Marktplatz. Am Montag, 06.September, feiert Martin Winkler sein 15-j\u00e4hriges Chorleiterjubil\u00e4um im Liederkranz. Die Planungen hierzu sind aufgrund der unklaren Pandemieentwicklungen noch nicht abgeschlossen. Angedacht war f\u00fcr den 18. September eine Open Air Veranstaltung im Fachwerkhof von Michael Z\u00f6rb, wobei die Chorleitert\u00e4tigkeit Winklers im Vordergrund stehen soll. Ob dies umgesetzt werden kann, bleibt abzuwarten.<\/p>\n\n\n\n<p>Mit Dankadressen des Vorsitzenden an alle, die den Chor und Verein unterst\u00fctzten, endete der offizielle Teil.<\/p>\n\n\n\n<figure class=\"wp-block-image size-large\"><img loading=\"lazy\" decoding=\"async\" width=\"1600\" height=\"1176\" src=\"https:\/\/liederkranz-pohl-goens.de\/wp-content\/uploads\/2021\/08\/BZ-JHV-Ehrungen-1600x1176.jpg\" alt=\"\" class=\"wp-image-8520\" srcset=\"https:\/\/liederkranz-pohl-goens.de\/wp-content\/uploads\/2021\/08\/BZ-JHV-Ehrungen-1600x1176.jpg 1600w, https:\/\/liederkranz-pohl-goens.de\/wp-content\/uploads\/2021\/08\/BZ-JHV-Ehrungen-300x220.jpg 300w, https:\/\/liederkranz-pohl-goens.de\/wp-content\/uploads\/2021\/08\/BZ-JHV-Ehrungen-768x564.jpg 768w, https:\/\/liederkranz-pohl-goens.de\/wp-content\/uploads\/2021\/08\/BZ-JHV-Ehrungen-1536x1129.jpg 1536w, https:\/\/liederkranz-pohl-goens.de\/wp-content\/uploads\/2021\/08\/BZ-JHV-Ehrungen.jpg 1689w\" sizes=\"auto, (max-width: 1600px) 100vw, 1600px\" \/><figcaption>1. Vorsitzender Andreas Catlin (rechts) ehrte f\u00fcr langj\u00e4hrige aktive sowie f\u00f6rdernde Mitgliedschaft Bernhard Dern (links), Bettina Frey (2. von links) und Angela Brandenburger (2. von rechts).&nbsp;<\/figcaption><\/figure>\n\n\n","protected":false},"excerpt":{"rendered":"<p>Pohl-G\u00f6ns (PA). Die Jahreshauptversammlung des Gesangvereins \u201eLiederkranz\u201c 1879 Pohl-G\u00f6ns e.V.&nbsp; fand aufgrund der anhaltenden Covid 19 \u2013 Pandemie im B\u00fcrgertreff Pohl-G\u00f6ns unter strengen Hygieneregelungen statt. Der 1. Vorsitzende Andreas Catlin lie\u00df in seinem T\u00e4tigkeitsbericht das vergangene Jahr Revue passieren. Catlin erinnerte an die dritte Probe, zu der die Elterninitiative Marburg<\/p>\n","protected":false},"author":2,"featured_media":8520,"comment_status":"closed","ping_status":"closed","sticky":false,"template":"","format":"standard","meta":{"footnotes":""},"categories":[19],"tags":[],"class_list":["post-8517","post","type-post","status-publish","format-standard","has-post-thumbnail","hentry","category-presse"],"_links":{"self":[{"href":"https:\/\/liederkranz-pohl-goens.de\/index.php\/wp-json\/wp\/v2\/posts\/8517","targetHints":{"allow":["GET"]}}],"collection":[{"href":"https:\/\/liederkranz-pohl-goens.de\/index.php\/wp-json\/wp\/v2\/posts"}],"about":[{"href":"https:\/\/liederkranz-pohl-goens.de\/index.php\/wp-json\/wp\/v2\/types\/post"}],"author":[{"embeddable":true,"href":"https:\/\/liederkranz-pohl-goens.de\/index.php\/wp-json\/wp\/v2\/users\/2"}],"replies":[{"embeddable":true,"href":"https:\/\/liederkranz-pohl-goens.de\/index.php\/wp-json\/wp\/v2\/comments?post=8517"}],"version-history":[{"count":9,"href":"https:\/\/liederkranz-pohl-goens.de\/index.php\/wp-json\/wp\/v2\/posts\/8517\/revisions"}],"predecessor-version":[{"id":8784,"href":"https:\/\/liederkranz-pohl-goens.de\/index.php\/wp-json\/wp\/v2\/posts\/8517\/revisions\/8784"}],"wp:featuredmedia":[{"embeddable":true,"href":"https:\/\/liederkranz-pohl-goens.de\/index.php\/wp-json\/wp\/v2\/media\/8520"}],"wp:attachment":[{"href":"https:\/\/liederkranz-pohl-goens.de\/index.php\/wp-json\/wp\/v2\/media?parent=8517"}],"wp:term":[{"taxonomy":"category","embeddable":true,"href":"https:\/\/liederkranz-pohl-goens.de\/index.php\/wp-json\/wp\/v2\/categories?post=8517"},{"taxonomy":"post_tag","embeddable":true,"href":"https:\/\/liederkranz-pohl-goens.de\/index.php\/wp-json\/wp\/v2\/tags?post=8517"}],"curies":[{"name":"wp","href":"https:\/\/api.w.org\/{rel}","templated":true}]}}