{"id":8973,"date":"2022-05-07T08:29:10","date_gmt":"2022-05-07T06:29:10","guid":{"rendered":"https:\/\/liederkranz-pohl-goens.de\/?p=8973"},"modified":"2022-05-07T08:32:20","modified_gmt":"2022-05-07T06:32:20","slug":"liederkranz-tritt-am-21-mai-auf-und-laedt-interessierte-zu-stimmbildung-ein","status":"publish","type":"post","link":"https:\/\/liederkranz-pohl-goens.de\/index.php\/2022\/liederkranz-tritt-am-21-mai-auf-und-laedt-interessierte-zu-stimmbildung-ein\/","title":{"rendered":"&#8222;Liederkranz&#8220; tritt am 21.Mai auf und l\u00e4dt Interessierte zu Stimmbildung ein"},"content":{"rendered":"\n<p><span style=\"color: #0000ff;\">Pohl-G\u00f6nser S\u00e4nger zu Gast in Konzert in Watzenborn-Steinberg \/ Annette Jahr coacht Aktive im B\u00fcrgertreff<\/span><\/p>\n<p>Ab Dienstag erweitert der Liederkranz 1879 Pohl-G\u00f6ns sein Angebot im Chorgesang mit Stimmbildung. Mit der <span style=\"color: #000000;\">professionellen<\/span> Stimmbildnerin Annette Jahr wurde eine weitere Gesangsp\u00e4dagogin f\u00fcr den Chor gewonnen. \u00a0Jahr hatte im vergangenen November schon einmal zur Stimmbildung im Pohl-G\u00f6nser B\u00fcrgertreff gecoacht. Pandemiebedingt konnte eine kontinuierliche Ausbildung des Chores mit ihr leider nicht stattfinden. Sie kommt als Dozentin, um die gesangliche Stimmbildung der einzelnen Register zu f\u00f6rdern und die klangliche \u00c4sthetik zu festigen. Es werden dar\u00fcber hinaus die musikalischen Aspekte wie zum Beispiel\u00a0<a href=\"https:\/\/de.wikipedia.org\/w\/index.php?title=Vokalausgleich&amp;action=edit&amp;redlink=1\">Vokalausgleich<\/a>, Koordination der <a href=\"https:\/\/de.wikipedia.org\/wiki\/Gesangsregister\">Stimmregister<\/a> und die Dynamik im gesamten Chor Ber\u00fccksichtigung finden.<\/p>\n<p>\u201eWir wollen die gemeinsame Weiterbildung des Chores nun wieder kontinuierlich aufnehmen und werden an mehreren Terminen verteilt \u00fcber das Jahr die Stimmbildung in die Chorarbeit mit einflie\u00dfen lassen\u201c, so der Vorsitzende Andreas Catlin.\u00a0Interessierte S\u00e4ngerinnen und S\u00e4nger sind herzlich eingeladen, sich in der Stimmbildung auszuprobieren und Teil der Liederkranz-Familie zu werden.<span class=\"Apple-converted-space\">\u00a0<\/span><\/p>\n<p>Mit gro\u00dfer Freude blicken die S\u00e4ngerinnen und S\u00e4nger dem 21. Mai entgegen. Nach einer \u00fcber zweij\u00e4hrigen Durststrecke wurde der Chor von den S\u00e4ngern des M\u00e4nnerchores VOCALE S\u00e4ngerkranz Watzenborn- Steinberg eingeladen, um gemeinsam ein Konzert zu gestalten. Unter dem Motto \u201eFr\u00fchlingskl\u00e4nge\u201c werden die beiden Ch\u00f6re in der katholischen Pfarrei St. Martin in Watzenborn-Steinberg ab 19:00 Uhr Ihr K\u00f6nnen unter Beweis stellen. Die beiden Chorleiter Peter Schmitt und Martin Winkler haben ihre Ch\u00f6re in den vergangenen Wochen gut auf dieses Event vorbereitet. Beide wollen einmal mehr zeigen, dass die Chorszene noch lebt und das Chorgesang ein ausgleichendes Hobby f\u00fcr jedermann sein kann.<\/p>\n<p>Informationen rund um den Liederkranz gibt es unter anderem \u00a0auf der Homepage www.liederkranz-pohl-goens.de.<\/p>\n\n\n\n<figure class=\"wp-block-image size-full is-resized\"><img loading=\"lazy\" decoding=\"async\" src=\"https:\/\/liederkranz-pohl-goens.de\/wp-content\/uploads\/2022\/05\/C372BCE2-CA8C-426A-A45A-649B3CD4174D_1_201_a-2.jpeg\" alt=\"\" class=\"wp-image-8978\" width=\"372\" height=\"521\" srcset=\"https:\/\/liederkranz-pohl-goens.de\/wp-content\/uploads\/2022\/05\/C372BCE2-CA8C-426A-A45A-649B3CD4174D_1_201_a-2.jpeg 1125w, https:\/\/liederkranz-pohl-goens.de\/wp-content\/uploads\/2022\/05\/C372BCE2-CA8C-426A-A45A-649B3CD4174D_1_201_a-2-214x300.jpeg 214w, https:\/\/liederkranz-pohl-goens.de\/wp-content\/uploads\/2022\/05\/C372BCE2-CA8C-426A-A45A-649B3CD4174D_1_201_a-2-768x1077.jpeg 768w, https:\/\/liederkranz-pohl-goens.de\/wp-content\/uploads\/2022\/05\/C372BCE2-CA8C-426A-A45A-649B3CD4174D_1_201_a-2-1096x1536.jpeg 1096w\" sizes=\"auto, (max-width: 372px) 100vw, 372px\" \/><\/figure>\n","protected":false},"excerpt":{"rendered":"<p>Pohl-G\u00f6nser S\u00e4nger zu Gast in Konzert in Watzenborn-Steinberg \/ Annette Jahr coacht Aktive im B\u00fcrgertreff Ab Dienstag erweitert der Liederkranz 1879 Pohl-G\u00f6ns sein Angebot im Chorgesang mit Stimmbildung. Mit der professionellen Stimmbildnerin Annette Jahr wurde eine weitere Gesangsp\u00e4dagogin f\u00fcr den Chor gewonnen. \u00a0Jahr hatte im vergangenen November schon einmal zur<\/p>\n","protected":false},"author":4,"featured_media":8975,"comment_status":"closed","ping_status":"closed","sticky":false,"template":"","format":"standard","meta":{"footnotes":""},"categories":[19],"tags":[],"class_list":["post-8973","post","type-post","status-publish","format-standard","has-post-thumbnail","hentry","category-presse"],"_links":{"self":[{"href":"https:\/\/liederkranz-pohl-goens.de\/index.php\/wp-json\/wp\/v2\/posts\/8973","targetHints":{"allow":["GET"]}}],"collection":[{"href":"https:\/\/liederkranz-pohl-goens.de\/index.php\/wp-json\/wp\/v2\/posts"}],"about":[{"href":"https:\/\/liederkranz-pohl-goens.de\/index.php\/wp-json\/wp\/v2\/types\/post"}],"author":[{"embeddable":true,"href":"https:\/\/liederkranz-pohl-goens.de\/index.php\/wp-json\/wp\/v2\/users\/4"}],"replies":[{"embeddable":true,"href":"https:\/\/liederkranz-pohl-goens.de\/index.php\/wp-json\/wp\/v2\/comments?post=8973"}],"version-history":[{"count":4,"href":"https:\/\/liederkranz-pohl-goens.de\/index.php\/wp-json\/wp\/v2\/posts\/8973\/revisions"}],"predecessor-version":[{"id":8981,"href":"https:\/\/liederkranz-pohl-goens.de\/index.php\/wp-json\/wp\/v2\/posts\/8973\/revisions\/8981"}],"wp:featuredmedia":[{"embeddable":true,"href":"https:\/\/liederkranz-pohl-goens.de\/index.php\/wp-json\/wp\/v2\/media\/8975"}],"wp:attachment":[{"href":"https:\/\/liederkranz-pohl-goens.de\/index.php\/wp-json\/wp\/v2\/media?parent=8973"}],"wp:term":[{"taxonomy":"category","embeddable":true,"href":"https:\/\/liederkranz-pohl-goens.de\/index.php\/wp-json\/wp\/v2\/categories?post=8973"},{"taxonomy":"post_tag","embeddable":true,"href":"https:\/\/liederkranz-pohl-goens.de\/index.php\/wp-json\/wp\/v2\/tags?post=8973"}],"curies":[{"name":"wp","href":"https:\/\/api.w.org\/{rel}","templated":true}]}}