{"id":9049,"date":"2022-05-28T06:56:54","date_gmt":"2022-05-28T04:56:54","guid":{"rendered":"https:\/\/liederkranz-pohl-goens.de\/?p=9049"},"modified":"2022-05-28T06:58:05","modified_gmt":"2022-05-28T04:58:05","slug":"liederkranz-bringt-fruehlingsklaenge","status":"publish","type":"post","link":"https:\/\/liederkranz-pohl-goens.de\/index.php\/2022\/liederkranz-bringt-fruehlingsklaenge\/","title":{"rendered":"\u201eLiederkranz\u201c bringt &#8222;Fr\u00fchlingskl\u00e4nge&#8220;"},"content":{"rendered":"\n<p><strong>Pohl-G\u00f6nser Gesangverein tritt bei &#8222;Vocale&#8220; Watzenborn-Steinberg auf \/ Eigenes Konzert am 17. September\u00a0<\/strong><\/p>\n<p>\u00a0Am Samstag genoss der Gesangverein \u201eLiederkranz\u201c 1879 Pohl-G\u00f6ns e.V. nach einer \u00fcber zweij\u00e4hrigen, pandemiebedingten Durststrecke wieder Konzertluft. Der Chor wurde zu einem gemeinsamen Konzert von den S\u00e4ngern des M\u00e4nnerchores &#8222;Vocale&#8220; S\u00e4ngerkranz Watzenborn-Steinberg eingeladen. Unter dem Motto \u201eFr\u00fchlingskl\u00e4nge\u201c stellten die beiden Ch\u00f6re in der Katholischen Pfarrei St. Martin in Watzenborn-Steinberg ihr K\u00f6nnen unter Beweis. Die beiden Chorleiter Peter Schmitt und Martin Winkler sowie Assistenzchorleiter Dr. Florian Ilge hatten daf\u00fcr ein anspruchsvolles und sehr abwechslungsreiches Programm zusammengestellt. Das gut besuchte Konzert bot den Zuh\u00f6rern alle Facetten des Chorgesanges.<\/p>\n<p>Im ersten Teil des rund eineinhalb St\u00fcndigen Konzertes wurden die Besucher mit geistlichen Liedern und Gospelkl\u00e4ngen geradezu verzaubert, worauf der zweite Teil des Abends der weltlichen Literatur gewidmet war. Zum Abschluss des Konzertabends sangen beide Ch\u00f6re mit gro\u00dfer Freude gemeinsam \u201eYou Raise Me Up\u201c. F\u00fcr alle Beteiligten war es ein sehr ereignisreicher Abend der die lange pandemiebedingte Auftrittspause zur gro\u00dfe Freude aller enden lie\u00df.<span class=\"Apple-converted-space\">\u00a0<\/span><\/p>\n<p>F\u00fcr den \u201eLiederkranz\u201c beginnt nun eine hei\u00dfe Phase der Vorbereitung. Wollen doch die S\u00e4ngerinnen und S\u00e4nger am 17. September 2022 gemeinsam mit dem M\u00e4nnergesangverein Cleeberg und dem Oberstufenchor der Liebigschule Gie\u00dfen in der heimischen Mehrzweckhalle einen Konzertabend der besonderen Art gestalten. \u201eWir laden alle aus Nah und Fern ein, die Vorbereitungen zu unserem Konzert mitzuerleben und dienstags die Chorproben in der Zeit von 18:00 Uhr 20:00 Uhr im B\u00fcrgertreff Pohl-G\u00f6ns zu besuchen\u201c, so der erste Vorsitzende Andreas Catlin. Informationen rund um den Chor und die geplanten Veranstaltungen gibt es unter www.liederkranz-pohl-goens.de, auf Facebook und Instagram.<\/p>\n<p>\u00a0<\/p>\n\n\n\n<figure class=\"wp-block-image size-large\"><img loading=\"lazy\" decoding=\"async\" width=\"1600\" height=\"1067\" src=\"https:\/\/liederkranz-pohl-goens.de\/wp-content\/uploads\/2022\/05\/BZ-Konzert-Pohlheim-1600x1067.jpg\" alt=\"\" class=\"wp-image-9051\" srcset=\"https:\/\/liederkranz-pohl-goens.de\/wp-content\/uploads\/2022\/05\/BZ-Konzert-Pohlheim-1600x1067.jpg 1600w, https:\/\/liederkranz-pohl-goens.de\/wp-content\/uploads\/2022\/05\/BZ-Konzert-Pohlheim-300x200.jpg 300w, https:\/\/liederkranz-pohl-goens.de\/wp-content\/uploads\/2022\/05\/BZ-Konzert-Pohlheim-768x512.jpg 768w, https:\/\/liederkranz-pohl-goens.de\/wp-content\/uploads\/2022\/05\/BZ-Konzert-Pohlheim-1536x1024.jpg 1536w, https:\/\/liederkranz-pohl-goens.de\/wp-content\/uploads\/2022\/05\/BZ-Konzert-Pohlheim-2048x1365.jpg 2048w\" sizes=\"auto, (max-width: 1600px) 100vw, 1600px\" \/><\/figure>\n","protected":false},"excerpt":{"rendered":"<p>Pohl-G\u00f6nser Gesangverein tritt bei &#8222;Vocale&#8220; Watzenborn-Steinberg auf \/ Eigenes Konzert am 17. September\u00a0 \u00a0Am Samstag genoss der Gesangverein \u201eLiederkranz\u201c 1879 Pohl-G\u00f6ns e.V. nach einer \u00fcber zweij\u00e4hrigen, pandemiebedingten Durststrecke wieder Konzertluft. Der Chor wurde zu einem gemeinsamen Konzert von den S\u00e4ngern des M\u00e4nnerchores &#8222;Vocale&#8220; S\u00e4ngerkranz Watzenborn-Steinberg eingeladen. Unter dem Motto \u201eFr\u00fchlingskl\u00e4nge\u201c<\/p>\n","protected":false},"author":4,"featured_media":9051,"comment_status":"closed","ping_status":"closed","sticky":false,"template":"","format":"standard","meta":{"footnotes":""},"categories":[19],"tags":[],"class_list":["post-9049","post","type-post","status-publish","format-standard","has-post-thumbnail","hentry","category-presse"],"_links":{"self":[{"href":"https:\/\/liederkranz-pohl-goens.de\/index.php\/wp-json\/wp\/v2\/posts\/9049","targetHints":{"allow":["GET"]}}],"collection":[{"href":"https:\/\/liederkranz-pohl-goens.de\/index.php\/wp-json\/wp\/v2\/posts"}],"about":[{"href":"https:\/\/liederkranz-pohl-goens.de\/index.php\/wp-json\/wp\/v2\/types\/post"}],"author":[{"embeddable":true,"href":"https:\/\/liederkranz-pohl-goens.de\/index.php\/wp-json\/wp\/v2\/users\/4"}],"replies":[{"embeddable":true,"href":"https:\/\/liederkranz-pohl-goens.de\/index.php\/wp-json\/wp\/v2\/comments?post=9049"}],"version-history":[{"count":3,"href":"https:\/\/liederkranz-pohl-goens.de\/index.php\/wp-json\/wp\/v2\/posts\/9049\/revisions"}],"predecessor-version":[{"id":9054,"href":"https:\/\/liederkranz-pohl-goens.de\/index.php\/wp-json\/wp\/v2\/posts\/9049\/revisions\/9054"}],"wp:featuredmedia":[{"embeddable":true,"href":"https:\/\/liederkranz-pohl-goens.de\/index.php\/wp-json\/wp\/v2\/media\/9051"}],"wp:attachment":[{"href":"https:\/\/liederkranz-pohl-goens.de\/index.php\/wp-json\/wp\/v2\/media?parent=9049"}],"wp:term":[{"taxonomy":"category","embeddable":true,"href":"https:\/\/liederkranz-pohl-goens.de\/index.php\/wp-json\/wp\/v2\/categories?post=9049"},{"taxonomy":"post_tag","embeddable":true,"href":"https:\/\/liederkranz-pohl-goens.de\/index.php\/wp-json\/wp\/v2\/tags?post=9049"}],"curies":[{"name":"wp","href":"https:\/\/api.w.org\/{rel}","templated":true}]}}