{"id":9182,"date":"2022-08-12T07:11:00","date_gmt":"2022-08-12T05:11:00","guid":{"rendered":"https:\/\/liederkranz-pohl-goens.de\/?p=9182"},"modified":"2022-08-12T07:50:19","modified_gmt":"2022-08-12T05:50:19","slug":"liederkranz-pohl-goens-gestaltet-konzert-bz-2022-08-12","status":"publish","type":"post","link":"https:\/\/liederkranz-pohl-goens.de\/index.php\/2022\/liederkranz-pohl-goens-gestaltet-konzert-bz-2022-08-12\/","title":{"rendered":"&#8222;Liederkranz&#8220; Pohl-G\u00f6ns gestaltet  Konzert"},"content":{"rendered":"\n<p><span style=\"color: #0000ff;\">Interessierte S\u00e4ngerinnen und S\u00e4nger zur Mitwirkung willkommen<\/span><\/p>\n<p>Am 16. und 17. September werden die Aktiven des Pohl-G\u00f6nser Gesangvereins \u201eLiederkranz\u201c in der Mehrzweckhalle Kirch\/Pohl-G\u00f6ns ein musikalisches Wochenende gestalten.<\/p>\n<p>F\u00fcr Freitag haben die \u201eTuxedo Drive Big Band\u201c der Musikschule Wetzlar und das Saxophon Quartett \u201eSaxism\u201c ihre Teilnahme zugesagt. Mit einem abwechslungsreichen und h\u00f6chst anspruchsvollen Programm werden sie ihr K\u00f6nnen unter Beweis stellen und das musikalische Wochenende er\u00f6ffnen.<\/p>\n<p>Der Samstag wird \u00a0ganz dem Chorgesang geh\u00f6ren. Zusammen mit dem M\u00e4nnergesangverein Cleeberg und dem Oberstufenchor des musikalischen Gymnasiums der Liebigschule Gie\u00dfen wird der Liederkranz Pohl-G\u00f6ns alle Facetten des Chorgesangs auf der B\u00fchne zelebrieren.<span class=\"Apple-converted-space\">\u00a0<\/span><\/p>\n<p>\u201eGesangverein war gestern, Chor ist heute, Komm sing mit!\u201c Damit laden die Pohl-G\u00f6nser Choristen alle Interessierten herzlich ein aktiv den Chor zu unterst\u00fctzen, Teil der Liederkranz-Familie zu werden und gemeinsam ein abwechslungsreiches Konzert zu gestalten. Am 23.08.2022 startet der Chor motiviert nach der Sommerpause in die Probenarbeit ein.<span class=\"Apple-converted-space\">\u00a0<\/span><\/p>\n\n\n\n<figure class=\"wp-block-image size-large\"><img loading=\"lazy\" decoding=\"async\" width=\"1600\" height=\"1267\" src=\"https:\/\/liederkranz-pohl-goens.de\/wp-content\/uploads\/2022\/08\/993172A1-2E0C-465A-9D16-6913E2CF00E6-1600x1267.jpeg\" alt=\"\" class=\"wp-image-9183\" srcset=\"https:\/\/liederkranz-pohl-goens.de\/wp-content\/uploads\/2022\/08\/993172A1-2E0C-465A-9D16-6913E2CF00E6-1600x1267.jpeg 1600w, https:\/\/liederkranz-pohl-goens.de\/wp-content\/uploads\/2022\/08\/993172A1-2E0C-465A-9D16-6913E2CF00E6-300x238.jpeg 300w, https:\/\/liederkranz-pohl-goens.de\/wp-content\/uploads\/2022\/08\/993172A1-2E0C-465A-9D16-6913E2CF00E6-768x608.jpeg 768w, https:\/\/liederkranz-pohl-goens.de\/wp-content\/uploads\/2022\/08\/993172A1-2E0C-465A-9D16-6913E2CF00E6-1536x1216.jpeg 1536w, https:\/\/liederkranz-pohl-goens.de\/wp-content\/uploads\/2022\/08\/993172A1-2E0C-465A-9D16-6913E2CF00E6-2048x1622.jpeg 2048w\" sizes=\"auto, (max-width: 1600px) 100vw, 1600px\" \/><figcaption><strong>Seit M\u00e4rz finden wieder regelm\u00e4\u00dfige Proben beim Liederkranz statt. Diese neuen S\u00e4ngerinnen und S\u00e4nger konnten der 1. Vorsitzende Andreas Catlin gemeinsam mit seinem Chorleiter Martin Winkler in den letzten Wochen begr\u00fc\u00dfen. Hierzu wurden auch kleine Interviews mit Erfahrungsberichten zum Einstieg in die Liederkranzfamilie erstellt. Weitere Zug\u00e4nge sind sehr herzlich willkommen!!!&nbsp; Alle Informationen auf der Homepage www.liederkranz-pohl-goens.de, Facebook und Instagram.&nbsp;<\/strong><br><\/figcaption><\/figure>\n","protected":false},"excerpt":{"rendered":"<p>Interessierte S\u00e4ngerinnen und S\u00e4nger zur Mitwirkung willkommen Am 16. und 17. September werden die Aktiven des Pohl-G\u00f6nser Gesangvereins \u201eLiederkranz\u201c in der Mehrzweckhalle Kirch\/Pohl-G\u00f6ns ein musikalisches Wochenende gestalten. F\u00fcr Freitag haben die \u201eTuxedo Drive Big Band\u201c der Musikschule Wetzlar und das Saxophon Quartett \u201eSaxism\u201c ihre Teilnahme zugesagt. Mit einem abwechslungsreichen und<\/p>\n","protected":false},"author":4,"featured_media":9183,"comment_status":"closed","ping_status":"closed","sticky":false,"template":"","format":"standard","meta":{"footnotes":""},"categories":[19],"tags":[],"class_list":["post-9182","post","type-post","status-publish","format-standard","has-post-thumbnail","hentry","category-presse"],"_links":{"self":[{"href":"https:\/\/liederkranz-pohl-goens.de\/index.php\/wp-json\/wp\/v2\/posts\/9182","targetHints":{"allow":["GET"]}}],"collection":[{"href":"https:\/\/liederkranz-pohl-goens.de\/index.php\/wp-json\/wp\/v2\/posts"}],"about":[{"href":"https:\/\/liederkranz-pohl-goens.de\/index.php\/wp-json\/wp\/v2\/types\/post"}],"author":[{"embeddable":true,"href":"https:\/\/liederkranz-pohl-goens.de\/index.php\/wp-json\/wp\/v2\/users\/4"}],"replies":[{"embeddable":true,"href":"https:\/\/liederkranz-pohl-goens.de\/index.php\/wp-json\/wp\/v2\/comments?post=9182"}],"version-history":[{"count":3,"href":"https:\/\/liederkranz-pohl-goens.de\/index.php\/wp-json\/wp\/v2\/posts\/9182\/revisions"}],"predecessor-version":[{"id":9188,"href":"https:\/\/liederkranz-pohl-goens.de\/index.php\/wp-json\/wp\/v2\/posts\/9182\/revisions\/9188"}],"wp:featuredmedia":[{"embeddable":true,"href":"https:\/\/liederkranz-pohl-goens.de\/index.php\/wp-json\/wp\/v2\/media\/9183"}],"wp:attachment":[{"href":"https:\/\/liederkranz-pohl-goens.de\/index.php\/wp-json\/wp\/v2\/media?parent=9182"}],"wp:term":[{"taxonomy":"category","embeddable":true,"href":"https:\/\/liederkranz-pohl-goens.de\/index.php\/wp-json\/wp\/v2\/categories?post=9182"},{"taxonomy":"post_tag","embeddable":true,"href":"https:\/\/liederkranz-pohl-goens.de\/index.php\/wp-json\/wp\/v2\/tags?post=9182"}],"curies":[{"name":"wp","href":"https:\/\/api.w.org\/{rel}","templated":true}]}}