{"id":9197,"date":"2022-08-20T07:04:00","date_gmt":"2022-08-20T05:04:00","guid":{"rendered":"https:\/\/liederkranz-pohl-goens.de\/?p=9197"},"modified":"2022-08-20T07:57:11","modified_gmt":"2022-08-20T05:57:11","slug":"konzertvorbereitungen-laufen-auf-hochtouren","status":"publish","type":"post","link":"https:\/\/liederkranz-pohl-goens.de\/index.php\/2022\/konzertvorbereitungen-laufen-auf-hochtouren\/","title":{"rendered":"Konzertvorbereitungen laufen auf Hochtouren"},"content":{"rendered":"\n<p>F\u00fcr das musikalische Wochenende am 16.\/17. September in der Mehrzweckhalle Kirch\/Pohl-G\u00f6ns laufen bei den Aktiven des gemischten Chores Pohl-G\u00f6ns die Vorbereitungen auf Hochtouren. Seit kurzem weisen die Ortseingangsschilder an den Zufahrtsstra\u00dfen des Butzbacher Stadtteils auf das musikalische Wochenende hin.<\/p>\n<p>Die Bev\u00f6lkerung aus nah und fern ist zu diesem ansprechenden Event bei freiem Eintritt herzlichst eingeladen.\u00a0Am Freitag wird das Saxophonquartett Saxism gemeinsam mit der Tuxedo Drive Big Band der Wetzlarer Musikschule ein anspruchsvolles Programm auf der B\u00fchne zelebrieren.<\/p>\n<p>Der Samstag steht ganz im Zeichen des Chorgesangs. Gemeinsam mit dem M\u00e4nnergesangverein Cleeberg und dem Oberstufenchor des Liebiggymnasium aus Gie\u00dfen werden die S\u00e4ngerinnen und S\u00e4nger aus Pohl-G\u00f6ns alle Facetten des Chorgesanges aufzeigen. Sowohl klassischer Chorgesang als auch Pop und Gospel werden den Zuh\u00f6rern die Moderne der heutigen Chormusik vermitteln. \u00a0<\/p>\n\n\n\n<figure class=\"wp-block-image size-large\"><img loading=\"lazy\" decoding=\"async\" width=\"1200\" height=\"1600\" src=\"https:\/\/liederkranz-pohl-goens.de\/wp-content\/uploads\/2022\/08\/Foto_Ortseingangsschild_20220818-1200x1600.jpg\" alt=\"\" class=\"wp-image-9199\" srcset=\"https:\/\/liederkranz-pohl-goens.de\/wp-content\/uploads\/2022\/08\/Foto_Ortseingangsschild_20220818-1200x1600.jpg 1200w, https:\/\/liederkranz-pohl-goens.de\/wp-content\/uploads\/2022\/08\/Foto_Ortseingangsschild_20220818-225x300.jpg 225w, https:\/\/liederkranz-pohl-goens.de\/wp-content\/uploads\/2022\/08\/Foto_Ortseingangsschild_20220818-768x1024.jpg 768w, https:\/\/liederkranz-pohl-goens.de\/wp-content\/uploads\/2022\/08\/Foto_Ortseingangsschild_20220818-1152x1536.jpg 1152w, https:\/\/liederkranz-pohl-goens.de\/wp-content\/uploads\/2022\/08\/Foto_Ortseingangsschild_20220818-1536x2048.jpg 1536w, https:\/\/liederkranz-pohl-goens.de\/wp-content\/uploads\/2022\/08\/Foto_Ortseingangsschild_20220818-scaled.jpg 1920w\" sizes=\"auto, (max-width: 1200px) 100vw, 1200px\" \/><figcaption><strong>Mit diesen Ortstafeln wirbt der Gesangverein &#8222;Liederkranz&#8220; Pohl-G\u00f6ns f\u00fcr sein musikalisches Wochenende am 16. und 17. September<\/strong><\/figcaption><\/figure>\n","protected":false},"excerpt":{"rendered":"<p>F\u00fcr das musikalische Wochenende am 16.\/17. September in der Mehrzweckhalle Kirch\/Pohl-G\u00f6ns laufen bei den Aktiven des gemischten Chores Pohl-G\u00f6ns die Vorbereitungen auf Hochtouren. Seit kurzem weisen die Ortseingangsschilder an den Zufahrtsstra\u00dfen des Butzbacher Stadtteils auf das musikalische Wochenende hin. Die Bev\u00f6lkerung aus nah und fern ist zu diesem ansprechenden Event<\/p>\n","protected":false},"author":4,"featured_media":9199,"comment_status":"closed","ping_status":"closed","sticky":false,"template":"","format":"standard","meta":{"footnotes":""},"categories":[19],"tags":[],"class_list":["post-9197","post","type-post","status-publish","format-standard","has-post-thumbnail","hentry","category-presse"],"_links":{"self":[{"href":"https:\/\/liederkranz-pohl-goens.de\/index.php\/wp-json\/wp\/v2\/posts\/9197","targetHints":{"allow":["GET"]}}],"collection":[{"href":"https:\/\/liederkranz-pohl-goens.de\/index.php\/wp-json\/wp\/v2\/posts"}],"about":[{"href":"https:\/\/liederkranz-pohl-goens.de\/index.php\/wp-json\/wp\/v2\/types\/post"}],"author":[{"embeddable":true,"href":"https:\/\/liederkranz-pohl-goens.de\/index.php\/wp-json\/wp\/v2\/users\/4"}],"replies":[{"embeddable":true,"href":"https:\/\/liederkranz-pohl-goens.de\/index.php\/wp-json\/wp\/v2\/comments?post=9197"}],"version-history":[{"count":2,"href":"https:\/\/liederkranz-pohl-goens.de\/index.php\/wp-json\/wp\/v2\/posts\/9197\/revisions"}],"predecessor-version":[{"id":9206,"href":"https:\/\/liederkranz-pohl-goens.de\/index.php\/wp-json\/wp\/v2\/posts\/9197\/revisions\/9206"}],"wp:featuredmedia":[{"embeddable":true,"href":"https:\/\/liederkranz-pohl-goens.de\/index.php\/wp-json\/wp\/v2\/media\/9199"}],"wp:attachment":[{"href":"https:\/\/liederkranz-pohl-goens.de\/index.php\/wp-json\/wp\/v2\/media?parent=9197"}],"wp:term":[{"taxonomy":"category","embeddable":true,"href":"https:\/\/liederkranz-pohl-goens.de\/index.php\/wp-json\/wp\/v2\/categories?post=9197"},{"taxonomy":"post_tag","embeddable":true,"href":"https:\/\/liederkranz-pohl-goens.de\/index.php\/wp-json\/wp\/v2\/tags?post=9197"}],"curies":[{"name":"wp","href":"https:\/\/api.w.org\/{rel}","templated":true}]}}